[{"@context":"https:\/\/schema.org\/","@type":"Article","@id":"https:\/\/www.c600.cz\/jak-dal-na-slovensku-a-u-nas\/#Article","mainEntityOfPage":"https:\/\/www.c600.cz\/jak-dal-na-slovensku-a-u-nas\/","headline":"Jak d\u00e1l na Slovensku? A u n\u00e1s?","name":"Jak d\u00e1l na Slovensku? A u n\u00e1s?","description":"Sloven&Aring;&iexcl;t&Atilde;&shy; voli&Auml;i cht&Auml;&#8250;li zm&Auml;&#8250;nu. To jednozna&Auml;n&Auml;&#8250; vypl&Atilde;&frac12;v&Atilde;&iexcl; z v&Atilde;&frac12;sledku slovensk&Atilde;&frac12;ch parlamentn&Atilde;&shy;ch voleb 29. 2. 2020. Prvn&Atilde;&shy; dom&Atilde;&iexcl;c&Atilde;&shy; reakce ne&Aring;&iexcl;et&Aring;&#8482;&Atilde;&shy; nad&Auml;&#8250;jemi&#46;&#46;&#46;","datePublished":"2020-03-16","dateModified":"2024-05-06","author":{"@type":"Person","@id":"https:\/\/www.c600.cz\/author\/devene\/#Person","name":"devene","url":"https:\/\/www.c600.cz\/author\/devene\/","identifier":1,"image":{"@type":"ImageObject","@id":"https:\/\/secure.gravatar.com\/avatar\/9994033610bfa8d5c75e7c2dd1b5bdd54900f4ed2e7e5c6722d4887246e31af4?s=96&d=mm&r=g","url":"https:\/\/secure.gravatar.com\/avatar\/9994033610bfa8d5c75e7c2dd1b5bdd54900f4ed2e7e5c6722d4887246e31af4?s=96&d=mm&r=g","height":96,"width":96}},"publisher":{"@type":"Organization","name":"c600.cz","logo":{"@type":"ImageObject","@id":"\/logo.png","url":"\/logo.png","width":600,"height":60}},"image":{"@type":"ImageObject","@id":"https:\/\/www.c600.cz\/wp-content\/uploads\/img_a372265_w4360_t1583757619.jpg","url":"https:\/\/www.c600.cz\/wp-content\/uploads\/img_a372265_w4360_t1583757619.jpg","height":0,"width":0},"url":"https:\/\/www.c600.cz\/jak-dal-na-slovensku-a-u-nas\/","about":["Politika"],"wordCount":1005,"articleBody":"Sloven&Aring;&iexcl;t&Atilde;&shy; voli&Auml;i cht&Auml;&#8250;li zm&Auml;&#8250;nu. To jednozna&Auml;n&Auml;&#8250; vypl&Atilde;&frac12;v&Atilde;&iexcl; z v&Atilde;&frac12;sledku slovensk&Atilde;&frac12;ch parlamentn&Atilde;&shy;ch voleb 29. 2. 2020. Prvn&Atilde;&shy; dom&Atilde;&iexcl;c&Atilde;&shy; reakce ne&Aring;&iexcl;et&Aring;&#8482;&Atilde;&shy; nad&Auml;&#8250;jemi na tou&Aring;&frac34;ebn&Atilde;&copy; vylep&Aring;&iexcl;en&Atilde;&shy; spole&Auml;ensk&Atilde;&copy;ho klimatu a vyman&Auml;&#8250;n&Atilde;&shy; Slovenska z mafi&Atilde;&iexcl;nsk&Atilde;&frac12;ch struktur, mezi &Aring;&#8482;&Atilde;&iexcl;dky lze ale vy&Auml;&Atilde;&shy;st jistou obavu z praktick&Atilde;&copy; politiky patrn&Auml;&#8250; p&Aring;&#8482;&Atilde;&shy;&Aring;&iexcl;t&Atilde;&shy;ho premi&Atilde;&copy;ra Igora Matovi&Auml;e. Opatrn&Auml;&#8250; se na&Aring;&iexcl;lapuje kolem faktu, &Aring;&frac34;e protivl&Atilde;&iexcl;dn&Atilde;&shy; hnut&Atilde;&shy; nevyhr&Atilde;&iexcl;lo volby d&Atilde;&shy;ky politick&Atilde;&copy;mu programu, ale budeme-li v&Auml;&#8250;ci naz&Atilde;&frac12;vat prav&Atilde;&frac12;mi jm&Atilde;&copy;ny, d&Atilde;&shy;ky odporn&Atilde;&copy; objednan&Atilde;&copy; vra&Aring;&frac34;d&Auml;&#8250; mlad&Atilde;&copy;ho novin&Atilde;&iexcl;&Aring;&#8482;e a jeho p&Aring;&#8482;&Atilde;&shy;telkyn&Auml;&#8250;. V &Auml;&#338;esku se za Ne&Auml;asovy vl&Atilde;&iexcl;dy nevra&Aring;&frac34;dilo, Andrej Babi&Aring;&iexcl; v&Aring;&iexcl;ak dokonale vyu&Aring;&frac34;il n&Atilde;&iexcl;lad &Auml;&Atilde;&iexcl;sti obyvatelstva a naprosto stejnou r&Atilde;&copy;torikou, &Aring;&frac34;e vym&Atilde;&frac12;t&Atilde;&shy; korupci a bude makat, nejprve usp&Auml;&#8250;l a pot&Atilde;&copy; vyhr&Atilde;&iexcl;l parlamentn&Atilde;&shy; volby. A jak&Atilde;&iexcl; je situace dnes? Jeho sou&Auml;asnou vl&Atilde;&iexcl;du prov&Atilde;&iexcl;z&Atilde;&shy; &Aring;&#8482;ada skand&Atilde;&iexcl;l&Aring;&macr;, trestn&Atilde;&shy;ch st&Atilde;&shy;h&Atilde;&iexcl;n&Atilde;&shy; v&Auml;etn&Auml;&#8250; jeho sam&Atilde;&copy;ho a proti jeho vl&Atilde;&iexcl;dnut&Atilde;&shy; a soukrom&Atilde;&frac12;m ekonomick&Atilde;&frac12;m praktik&Atilde;&iexcl;m se n&Auml;&#8250;kolikr&Atilde;&iexcl;t se&Aring;&iexcl;lo a nejv&Auml;&#8250;t&Aring;&iexcl;&Atilde;&shy; pravd&Auml;&#8250;podobnost&Atilde;&shy; sejdou statis&Atilde;&shy;ce demonstrant&Aring;&macr; a Evropsk&Atilde;&iexcl; unie se v&Atilde;&iexcl;&Aring;&frac34;n&Auml;&#8250; zab&Atilde;&frac12;v&Atilde;&iexcl; k&Aring;&iexcl;efty, u kter&Atilde;&frac12;ch figuruje dvojjedin&Atilde;&frac12; Babi&Aring;&iexcl; premi&Atilde;&copy;r-podnikatel. Igoru Matovi&Auml;ovi bude zpo&Auml;&Atilde;&iexcl;tku sta&Auml;it oby&Auml;ejn&Atilde;&iexcl; slu&Aring;&iexcl;nost a poctivost, bude v&Aring;&iexcl;ak pot&Aring;&#8482;ebovat spolehliv&Atilde;&frac12; t&Atilde;&frac12;m vlastn&Atilde;&shy;ch lidi, na kter&Atilde;&copy; se bude moci bezv&Atilde;&frac12;hradn&Auml;&#8250; spolehnout, aby mohl podniknout syst&Atilde;&copy;mov&Atilde;&copy;, a hlavn&Auml;&#8250; person&Atilde;&iexcl;ln&Atilde;&shy; zm&Auml;&#8250;ny, kter&Atilde;&copy; navenek potvrd&Atilde;&shy; jeho &Atilde;&ordm;mysl zbavit Slovensko mafi&Atilde;&iexcl;nsk&Atilde;&frac12;ch praktik. To ale nebude v&Aring;&macr;bec jednoduch&Atilde;&copy;, v kontrastu s Matovi&Auml;ov&Atilde;&frac12;m &acirc;&#8364;&#382;drtiv&Atilde;&frac12;m&acirc;&#8364;&#339; dvaceti p&Auml;&#8250;ti procentn&Atilde;&shy;m volebn&Atilde;&shy;m v&Atilde;&shy;t&Auml;&#8250;zstv&Atilde;&shy;m Fic&Aring;&macr;v Sm&Auml;&#8250;r a&Aring;&frac34; tak drtiv&Auml;&#8250; s osmn&Atilde;&iexcl;cti procenty neprohr&Atilde;&iexcl;l. Na rozd&Atilde;&shy;l od jin&Atilde;&frac12;ch tradi&Auml;n&Atilde;&shy;ch stran. Prub&Atilde;&shy;&Aring;&#8482;sk&Atilde;&frac12;m kamenem Matovi&Auml;ovy politiky bude tak&Atilde;&copy; jeho postoj k ma&Auml;arsk&Atilde;&frac12;m stran&Atilde;&iexcl;m p&Aring;&macr;sob&Atilde;&shy;c&Atilde;&shy;m na Slovensku, kter&Atilde;&copy; se do parlamentu nedostaly. Je z&Aring;&#8482;ejm&Atilde;&copy;, &Aring;&frac34;e Matovi&Auml; vyhr&Atilde;&iexcl;l volby i d&Atilde;&shy;ky jejich b&Atilde;&frac12;val&Atilde;&frac12;m voli&Auml;&Aring;&macr;m. Matovi&Auml;ovu dosavadn&Atilde;&shy; &Atilde;&ordm;lohu podiv&Atilde;&shy;na v parlamentu p&Aring;&#8482;evezmou kotlebovci. Strana, kter&Atilde;&iexcl; se netaj&Atilde;&shy; fa&Aring;&iexcl;izuj&Atilde;&shy;c&Atilde;&shy;mi tendencemi, m&Auml;&#8250;la podle p&Aring;&#8482;edvolebn&Atilde;&shy;ch pr&Aring;&macr;zkum&Aring;&macr; na&Aring;&iexcl;l&Atilde;&iexcl;pnuto k nev&Atilde;&shy;dan&Atilde;&copy;mu &Atilde;&ordm;sp&Auml;&#8250;chu. Nestalo se, p&Aring;&#8482;esto je jej&Atilde;&shy; volebn&Atilde;&shy; v&Atilde;&frac12;sledek alarmuj&Atilde;&shy;c&Atilde;&shy;. Kdo pamatuje politickou &acirc;&#8364;&#382;pr&Atilde;&iexcl;ci&acirc;&#8364;&#339; sl&Atilde;&iexcl;dkovc&Aring;&macr; v &Auml;esk&Atilde;&copy;m parlamentu, dok&Atilde;&iexcl;&Aring;&frac34;e si p&Aring;&#8482;edstavit p&Aring;&macr;soben&Atilde;&shy; jejich slovensk&Atilde;&frac12;ch sester a bratr&Aring;&macr; v tom p&Aring;&#8482;&Atilde;&shy;&Aring;&iexcl;t&Atilde;&shy;m slovensk&Atilde;&copy;m. Ur&Auml;it&Auml;&#8250; nic st&Atilde;&iexcl;totvorn&Atilde;&copy;ho a demokratick&Atilde;&copy;ho. Je&Aring;&iexcl;t&Auml;&#8250; jedna v&Auml;&#8250;c je spole&Auml;n&Atilde;&iexcl; pro Igora Matovi&Auml;e a Andreje Babi&Aring;&iexcl;e. Vliv hlavy st&Atilde;&iexcl;tu na jejich politiku. Tandem Zeman &acirc;&#8364;&#8220; Babi&Aring;&iexcl; vr&Atilde;&iexcl;til v &Auml;&#338;esku do vl&Atilde;&iexcl;dy komunisty. &Auml;&#338;aputov&Atilde;&iexcl; a Matovi&Auml; mohou do vl&Atilde;&iexcl;dy vr&Atilde;&iexcl;tit slu&Aring;&iexcl;nost, o tom nen&Atilde;&shy; pochyb. Dr&Aring;&frac34;me na&Aring;&iexcl;im v&Atilde;&frac12;chodn&Atilde;&shy;m soused&Aring;&macr;m p&Auml;&#8250;sti, jejich zku&Aring;&iexcl;enosti se n&Atilde;&iexcl;m v budoucnu ur&Auml;it&Auml;&#8250; budou hodit.                                                                                                                                                                                                                                                                                                                                                                                         4.7\/5 - (9 votes)        "},{"@context":"https:\/\/schema.org\/","@type":"BreadcrumbList","itemListElement":[{"@type":"ListItem","position":1,"name":"Jak d\u00e1l na Slovensku? A u n\u00e1s?","item":"https:\/\/www.c600.cz\/jak-dal-na-slovensku-a-u-nas\/#breadcrumbitem"}]}]